{"id":5238,"date":"2020-09-29T15:01:41","date_gmt":"2020-09-29T13:01:41","guid":{"rendered":"http:\/\/www.snepfsu-lille.net\/wp\/?p=5238"},"modified":"2020-09-29T15:01:43","modified_gmt":"2020-09-29T13:01:43","slug":"boycott-chsctd-du-24-septembre-2020","status":"publish","type":"post","link":"https:\/\/www.snepfsu-lille.net\/wp\/boycott-chsctd-du-24-septembre-2020\/","title":{"rendered":"Boycott CHSCTD du 24 septembre 2020"},"content":{"rendered":"\n<p>Irresponsabilit\u00e9 des militants syndicaux en CHSCT D59 : la r\u00e9ponse du SNES au directeur acad\u00e9mique du Nord<br><br>Mercredi 23 septembre, le ministre de la sant\u00e9 classait la m\u00e9tropole lilloise en Zone d\u2019alerte renforc\u00e9e (notre acad\u00e9mie se situant en zone rouge de circulation active du virus depuis 2 semaines d\u00e9j\u00e0) et ce sans aucun mot pour l\u2019\u00e9cole et ses personnels.<br>Le lendemain, le DASEN 59 s\u2019en est violemment pris \u00e0 10 militants syndicaux dont 4 repr\u00e9sentants FSU venus si\u00e9g\u00e9s, en pr\u00e9sentiel, dans une instance CHSCT consacr\u00e9e \u00e0 la covid-19<br>\u00ab Irresponsable de venir \u00e0 l\u2019H\u00f4tel acad\u00e9mique et de prendre le repas dans une salle de celui-ci \u00bb estime le DASEN du Nord<br>Si un DASEN se sent en danger au point de traiter d\u2019irresponsables des repr\u00e9sentants syndicaux lorsqu\u2019ils se rendent en pr\u00e9sentiel \u00e0 une r\u00e9union en respectant les gestes barri\u00e8re et la distanciation , que pourrait-on dire du minist\u00e8re de l\u2019EN :<br>Irresponsable <br>&#8211; de ne pas renforcer les mesures de distanciation dans les \u00e9tablissement<br>&#8211; de ne pas garantir l\u2019acc\u00e8s de tous \u00e0 l\u2019eau et au savon<br>&#8211; de refuser l\u2019acc\u00e8s \u00e0 une salle de repas o\u00f9 la distanciation est possible au profit des restaurants scolaires inadapt\u00e9s \u00e0 la crise sanitaire.<br>&#8211; de ne pas remettre \u00e0 l\u2019ensemble des personnels les masques protecteurs pourtant promis<br>&#8211; de ne pas all\u00e9ger les effectifs de classe, de ne pas renforcer les effectifs de suppl\u00e9ances, de vie scolaire et de personnels m\u00e9dico-sociaux<br>&#8211; de ne pas prendre en compte les multiples alertes d\u00e9pos\u00e9es en CHSCT.<br><br>Irresponsable, OUI Monsieur le DASEN, nous partageons le constat. Mais le responsable c\u2019 est l\u2019employeur pas les personnels soumis aux conditions inacceptables et d\u00e9grad\u00e9es qui leur sont impos\u00e9es ni leurs repr\u00e9sentants.<\/p>\n","protected":false},"excerpt":{"rendered":"<p>Irresponsabilit\u00e9 des militants syndicaux en CHSCT D59 : la r\u00e9ponse du SNES au directeur acad\u00e9mique du Nord Mercredi 23 septembre,<\/p>\n","protected":false},"author":2,"featured_media":0,"comment_status":"closed","ping_status":"open","sticky":false,"template":"","format":"standard","meta":{"colormag_page_container_layout":"default_layout","colormag_page_sidebar_layout":"default_layout","_bbp_topic_count":0,"_bbp_reply_count":0,"_bbp_total_topic_count":0,"_bbp_total_reply_count":0,"_bbp_voice_count":0,"_bbp_anonymous_reply_count":0,"_bbp_topic_count_hidden":0,"_bbp_reply_count_hidden":0,"_bbp_forum_subforum_count":0,"_jetpack_memberships_contains_paid_content":false,"footnotes":""},"categories":[39],"tags":[],"class_list":["post-5238","post","type-post","status-publish","format-standard","hentry","category-chsct"],"jetpack_featured_media_url":"","jetpack_sharing_enabled":true,"_links":{"self":[{"href":"https:\/\/www.snepfsu-lille.net\/wp\/wp-json\/wp\/v2\/posts\/5238","targetHints":{"allow":["GET"]}}],"collection":[{"href":"https:\/\/www.snepfsu-lille.net\/wp\/wp-json\/wp\/v2\/posts"}],"about":[{"href":"https:\/\/www.snepfsu-lille.net\/wp\/wp-json\/wp\/v2\/types\/post"}],"author":[{"embeddable":true,"href":"https:\/\/www.snepfsu-lille.net\/wp\/wp-json\/wp\/v2\/users\/2"}],"replies":[{"embeddable":true,"href":"https:\/\/www.snepfsu-lille.net\/wp\/wp-json\/wp\/v2\/comments?post=5238"}],"version-history":[{"count":0,"href":"https:\/\/www.snepfsu-lille.net\/wp\/wp-json\/wp\/v2\/posts\/5238\/revisions"}],"wp:attachment":[{"href":"https:\/\/www.snepfsu-lille.net\/wp\/wp-json\/wp\/v2\/media?parent=5238"}],"wp:term":[{"taxonomy":"category","embeddable":true,"href":"https:\/\/www.snepfsu-lille.net\/wp\/wp-json\/wp\/v2\/categories?post=5238"},{"taxonomy":"post_tag","embeddable":true,"href":"https:\/\/www.snepfsu-lille.net\/wp\/wp-json\/wp\/v2\/tags?post=5238"}],"curies":[{"name":"wp","href":"https:\/\/api.w.org\/{rel}","templated":true}]}}